{"id":2215,"date":"2023-10-05T07:44:44","date_gmt":"2023-10-05T06:44:44","guid":{"rendered":"https:\/\/www.fischereiverein-schnaittach.de\/?p=2215"},"modified":"2023-10-05T07:44:44","modified_gmt":"2023-10-05T06:44:44","slug":"koenigsfischen-2023","status":"publish","type":"post","link":"https:\/\/www.fischereiverein-schnaittach.de\/?p=2215","title":{"rendered":"K\u00f6nigsfischen 2023"},"content":{"rendered":"\n<p>Auch in diesem Jahr, fand im September unser traditionelles Hegefischen am Au Gel\u00e4nde statt. Zu diesem vereinsinternen Fischen waren alle, aktive und auch passive Mitglieder eingeladen. 39 Teilnehmer folgten der Einladung und angelten von 13 bis 18 Uhr bei sommerlichem Wetter. Von den 39 Fischerinnen und Fischern waren 13 Jugendfischer mit dabei.<\/p>\n\n\n\n<p>Wie bereits beim Pokalfischen im Juni \u00fcbernahmen die Familien Glei\u00df, Ringler und Habermann die Bewirtung an der AU-H\u00fctte. Nach dem Abwiegen der Fische, um 18 Uhr, bedankte sich unser erster Vorstand Thomas Winter bei allen Fischerinnen und Fischern f\u00fcr die Teilnahme am K\u00f6nigsfischen.<\/p>\n\n\n\n<p>Gegen 18:30 gab der erste Vorstand, die neuen Fischerk\u00f6nige 2023 bekannt. Fischerk\u00f6nig bei den Erwachsenen wurde Neumitglied Nicolae Natea mit einem Graskarpfen von 7.480 Gramm und einer L\u00e4nge von 88 cm.<\/p>\n\n\n\n<p>Den zweiten Platz erreichte Fedor Bechtel mit einem Graskarpfen von 4.402 Gramm und einer L\u00e4nge von 65 cm.<\/p>\n\n\n\n<p>Platz 3 auf dem Podium errang Samuel Galle mit einem Spiegelkarpfen von 3.648 Gramm und einer L\u00e4nge von 57 cm.<\/p>\n\n\n\n<p>Diesj\u00e4hriger Jugendfischerk\u00f6nig wurde Marlon Kampfer mit einem Graskarpfen von 3.360 Gramm und einer L\u00e4nge von 71 cm.<\/p>\n\n\n\n<p>Platz 2 ging an Leon Ott mit einem Spiegelkarpfen von 2.480 Gramm und einer L\u00e4nge von 54 cm.<\/p>\n\n\n\n<p>Den 3. Platz erreichte Felix Ott mit einem Spiegelkarpfen von 1.540 Gramm und einer L\u00e4nge von 46 cm.<\/p>\n\n\n\n<p>Das K\u00f6nigsfischen ging mit einem gem\u00fctlichen Beisammensein der Teilnehmer gegen 20.30 Uhr zu Ende. Die gesamte Verwaltung des Vereins dankt nochmal allen Fischerinnen und freut sich schon auf die feierliche Ehrung des Fischens an unserer Weihnachtsfeier im Dezember.<\/p>\n","protected":false},"excerpt":{"rendered":"<p>Auch in diesem Jahr, fand im September unser traditionelles Hegefischen am Au Gel\u00e4nde statt. Zu diesem vereinsinternen Fischen waren alle, aktive und auch passive Mitglieder eingeladen. 39 Teilnehmer folgten der Einladung und angelten von 13 bis 18 Uhr bei sommerlichem &hellip; <a href=\"https:\/\/www.fischereiverein-schnaittach.de\/?p=2215\">Weiterlesen <span class=\"meta-nav\">&rarr;<\/span><\/a><\/p>\n","protected":false},"author":3,"featured_media":0,"comment_status":"closed","ping_status":"open","sticky":false,"template":"","format":"standard","meta":{"footnotes":""},"categories":[6],"tags":[],"class_list":["post-2215","post","type-post","status-publish","format-standard","hentry","category-berichte"],"_links":{"self":[{"href":"https:\/\/www.fischereiverein-schnaittach.de\/index.php?rest_route=\/wp\/v2\/posts\/2215","targetHints":{"allow":["GET"]}}],"collection":[{"href":"https:\/\/www.fischereiverein-schnaittach.de\/index.php?rest_route=\/wp\/v2\/posts"}],"about":[{"href":"https:\/\/www.fischereiverein-schnaittach.de\/index.php?rest_route=\/wp\/v2\/types\/post"}],"author":[{"embeddable":true,"href":"https:\/\/www.fischereiverein-schnaittach.de\/index.php?rest_route=\/wp\/v2\/users\/3"}],"replies":[{"embeddable":true,"href":"https:\/\/www.fischereiverein-schnaittach.de\/index.php?rest_route=%2Fwp%2Fv2%2Fcomments&post=2215"}],"version-history":[{"count":2,"href":"https:\/\/www.fischereiverein-schnaittach.de\/index.php?rest_route=\/wp\/v2\/posts\/2215\/revisions"}],"predecessor-version":[{"id":2314,"href":"https:\/\/www.fischereiverein-schnaittach.de\/index.php?rest_route=\/wp\/v2\/posts\/2215\/revisions\/2314"}],"wp:attachment":[{"href":"https:\/\/www.fischereiverein-schnaittach.de\/index.php?rest_route=%2Fwp%2Fv2%2Fmedia&parent=2215"}],"wp:term":[{"taxonomy":"category","embeddable":true,"href":"https:\/\/www.fischereiverein-schnaittach.de\/index.php?rest_route=%2Fwp%2Fv2%2Fcategories&post=2215"},{"taxonomy":"post_tag","embeddable":true,"href":"https:\/\/www.fischereiverein-schnaittach.de\/index.php?rest_route=%2Fwp%2Fv2%2Ftags&post=2215"}],"curies":[{"name":"wp","href":"https:\/\/api.w.org\/{rel}","templated":true}]}}