{"id":2155,"date":"2022-12-14T19:11:41","date_gmt":"2022-12-14T18:11:41","guid":{"rendered":"https:\/\/www.fischereiverein-schnaittach.de\/?p=2155"},"modified":"2022-12-14T19:11:41","modified_gmt":"2022-12-14T18:11:41","slug":"weihnachtsfeier-2022-fischereiverein-schnaittachtal","status":"publish","type":"post","link":"https:\/\/www.fischereiverein-schnaittach.de\/?p=2155","title":{"rendered":"Weihnachtsfeier 2022 Fischereiverein Schnaittachtal"},"content":{"rendered":"\n<p>Endlich, nach zwei Jahren Zwangspause, fand wieder die traditionelle Weihnachts- und K\u00f6nigsfeier des Fischereivereins Schnaittachtal im Berggasthof Glatzenstein in Wei\u00dfenbach statt.<\/p>\n\n\n\n<p>F\u00fcr Vorstand Thomas Winter und seine, noch relativ frisch zusammengestellte Verwaltung, die erste Feier, nach der Staffel\u00fcbergabe durch Ehrenmitglied und langj\u00e4hrigen Vorstand G\u00fcnter Gr\u00fcnthanner.<\/p>\n\n\n\n<p>Die neue Mannschaft, lie\u00df sich ein paar \u00dcberraschungen, wie ein gemeinsamer Auftritt von Christkind und <a><\/a>Nikolaus aus den Reihen der Verwaltung, oder eine neu zusammengestellte Tombola einfallen.<\/p>\n\n\n\n<p>In seiner Rede ging Vorstand Winter positiv darauf ein, dass viele junge Mitglieder den Weg wieder zum Fischereiverein und zur Feier gefunden haben.<\/p>\n\n\n\n<p>Auch der Zusammenhalt innerhalb des Vereins sei wichtig, nur gemeinsam sind wir stark und k\u00f6nnen den Verein gut durch unsere Zeit bringen.<\/p>\n\n\n\n<p>Zur gro\u00dfen Freude aller, gaben sich der stellvertretende Landrat Helmut Br\u00fcckner, der dritte B\u00fcrgermeister von Schnaittach, Werner Raum, der Pr\u00e4sident des mittelfr\u00e4nkischen Fischereiverbandes J\u00f6rg Zitzmann und der ehemalige Fischereifachberater und Ehrenmitglied Dr. Dieter Piwernetz die Ehre durch Ihren Besuch.<\/p>\n\n\n\n<p>Diese \u00fcbernahmen zusammen mit Vorstand Winter die Ehrung der Sieger des Hegefischens im vergangenen September.<\/p>\n\n\n\n<p>Zum Fischerk\u00f6nig 2022 bei den Erwachsenen wurde Gew\u00e4sserwart Thomas B\u00e4umler mit einem Gra\u00dfkarpfen von 4842 Gramm und einer L\u00e4nge von 74 cm geehrt<\/p>\n\n\n\n<p>Bei den Jugendlichen wurde zum Jugendfischerk\u00f6nig Elias Richter mit einem Karpfen von 2952 Gramm und 50 cm L\u00e4nge gek\u00fcrt.<\/p>\n\n\n\n<p>Zum Ende des geselligen Abends verk\u00fcndete Vorstand Thomas Winter bereits den n\u00e4chsten Termin des sehr beliebten Weiherfests. Dieses findet am 15. Juli 2023 am Augel\u00e4nde statt.<\/p>\n\n\n\n<figure class=\"wp-block-image size-large\"><a href=\"https:\/\/www.fischereiverein-schnaittach.de\/wp-content\/uploads\/2022\/12\/318651711_1597111377369888_7660414460435811089_n.jpg\"><img loading=\"lazy\" decoding=\"async\" width=\"1024\" height=\"461\" src=\"https:\/\/www.fischereiverein-schnaittach.de\/wp-content\/uploads\/2022\/12\/318651711_1597111377369888_7660414460435811089_n-1024x461.jpg\" alt=\"\" class=\"wp-image-2154\" srcset=\"https:\/\/www.fischereiverein-schnaittach.de\/wp-content\/uploads\/2022\/12\/318651711_1597111377369888_7660414460435811089_n-1024x461.jpg 1024w, https:\/\/www.fischereiverein-schnaittach.de\/wp-content\/uploads\/2022\/12\/318651711_1597111377369888_7660414460435811089_n-300x135.jpg 300w, https:\/\/www.fischereiverein-schnaittach.de\/wp-content\/uploads\/2022\/12\/318651711_1597111377369888_7660414460435811089_n-768x346.jpg 768w, https:\/\/www.fischereiverein-schnaittach.de\/wp-content\/uploads\/2022\/12\/318651711_1597111377369888_7660414460435811089_n-500x225.jpg 500w, https:\/\/www.fischereiverein-schnaittach.de\/wp-content\/uploads\/2022\/12\/318651711_1597111377369888_7660414460435811089_n.jpg 1422w\" sizes=\"auto, (max-width: 1024px) 100vw, 1024px\" \/><\/a><\/figure>\n","protected":false},"excerpt":{"rendered":"<p>Endlich, nach zwei Jahren Zwangspause, fand wieder die traditionelle Weihnachts- und K\u00f6nigsfeier des Fischereivereins Schnaittachtal im Berggasthof Glatzenstein in Wei\u00dfenbach statt. F\u00fcr Vorstand Thomas Winter und seine, noch relativ frisch zusammengestellte Verwaltung, die erste Feier, nach der Staffel\u00fcbergabe durch Ehrenmitglied &hellip; <a href=\"https:\/\/www.fischereiverein-schnaittach.de\/?p=2155\">Weiterlesen <span class=\"meta-nav\">&rarr;<\/span><\/a><\/p>\n","protected":false},"author":3,"featured_media":0,"comment_status":"closed","ping_status":"open","sticky":false,"template":"","format":"standard","meta":{"footnotes":""},"categories":[4,6],"tags":[],"class_list":["post-2155","post","type-post","status-publish","format-standard","hentry","category-aktuelles","category-berichte"],"_links":{"self":[{"href":"https:\/\/www.fischereiverein-schnaittach.de\/index.php?rest_route=\/wp\/v2\/posts\/2155","targetHints":{"allow":["GET"]}}],"collection":[{"href":"https:\/\/www.fischereiverein-schnaittach.de\/index.php?rest_route=\/wp\/v2\/posts"}],"about":[{"href":"https:\/\/www.fischereiverein-schnaittach.de\/index.php?rest_route=\/wp\/v2\/types\/post"}],"author":[{"embeddable":true,"href":"https:\/\/www.fischereiverein-schnaittach.de\/index.php?rest_route=\/wp\/v2\/users\/3"}],"replies":[{"embeddable":true,"href":"https:\/\/www.fischereiverein-schnaittach.de\/index.php?rest_route=%2Fwp%2Fv2%2Fcomments&post=2155"}],"version-history":[{"count":1,"href":"https:\/\/www.fischereiverein-schnaittach.de\/index.php?rest_route=\/wp\/v2\/posts\/2155\/revisions"}],"predecessor-version":[{"id":2156,"href":"https:\/\/www.fischereiverein-schnaittach.de\/index.php?rest_route=\/wp\/v2\/posts\/2155\/revisions\/2156"}],"wp:attachment":[{"href":"https:\/\/www.fischereiverein-schnaittach.de\/index.php?rest_route=%2Fwp%2Fv2%2Fmedia&parent=2155"}],"wp:term":[{"taxonomy":"category","embeddable":true,"href":"https:\/\/www.fischereiverein-schnaittach.de\/index.php?rest_route=%2Fwp%2Fv2%2Fcategories&post=2155"},{"taxonomy":"post_tag","embeddable":true,"href":"https:\/\/www.fischereiverein-schnaittach.de\/index.php?rest_route=%2Fwp%2Fv2%2Ftags&post=2155"}],"curies":[{"name":"wp","href":"https:\/\/api.w.org\/{rel}","templated":true}]}}