{"id":1730,"date":"2019-07-04T15:49:17","date_gmt":"2019-07-04T14:49:17","guid":{"rendered":"http:\/\/www.fischereiverein-schnaittach.de\/?p=1730"},"modified":"2019-07-04T15:49:17","modified_gmt":"2019-07-04T14:49:17","slug":"hegefischen-an-den-hoflaser-weihern","status":"publish","type":"post","link":"https:\/\/www.fischereiverein-schnaittach.de\/?p=1730","title":{"rendered":"Hegefischen an den H\u00f6flaser Weihern"},"content":{"rendered":"<p>Am 1. Juni 2019 bei herrlichsten Wetter und knapp 30 Grad fanden sich 20 Fischerkameraden\/innen, davon 4 Jugendfischer, zum Hegefischen an den H\u00f6flaser Weihern ein.<\/p>\n<p>Geangelt wurde von 13 bis 18 Uhr.<\/p>\n<p>F\u00fcr das leibliche Wohl sorgten die Beisitzerin Anja Wendenburg und Daniela Wendenburg. Neben k\u00fchlen Getr\u00e4nken gab es auch fr\u00e4nkische Bratw\u00fcrste, Steaks und Bauch.<\/p>\n<p>Die Fischerkameraden\/innen durften bis zu 6 Karpfen zur Abwaage bringen. Das Gesamtgewicht z\u00e4hlte.<\/p>\n<p>Nach dem Abwiegen der gefangenen Fische gab der 1. Vorstand G\u00fcnter Gr\u00fcnthanner und der 2. Vorstand und Jugendleiter Mario Wendenburg die Ergebnisse bekannt.<\/p>\n<p>Erfreulich war dieses Jahr, dass bei den Jugendlichen wieder einmal alle 3 Pl\u00e4tze belegt wurden. 1. Platz bei der Jugend wurde Leon Pfister mit einem Gesamtgewicht von 6.102 Gramm. Auf den 2. Platz folgte Jascha Salwey mit 5.762 Gramm und gl\u00fccklicher 3. Platz wurde Kiril Posehn mit einem Gesamtgewicht von 2.994 Gramm.<\/p>\n<p>Bei den Erwachsenen belegte Dominik Geist den 1. Platz mit einem Gesamtgewicht von 6.018 Gramm, gefolgt von Rico Gleis auf dem zweiten Platz mit 4.620 Gramm und den 3. Platz belegte Uwe Karger mit einem Gesamtgewicht von 3.670 Gramm.<\/p>\n<p>Allen Gewinnern einen herzlichen Gl\u00fcckwunsch.<\/p>\n<p>Gegen 19 Uhr endete das Hegefischen an den H\u00f6flaser Weihern und die Vorstandschaft verabschiedete alle mit einem kr\u00e4ftigen Petri Heil.<\/p>\n<p><a href=\"http:\/\/www.fischereiverein-schnaittach.de\/wp-content\/uploads\/2019\/07\/Pokalfischen-in-H\u00f6flas-2019-.47a.jpg\"><img loading=\"lazy\" decoding=\"async\" class=\"alignnone size-full wp-image-1734\" alt=\"Pokalfischen in H\u00f6flas 2019  .47a\" src=\"http:\/\/www.fischereiverein-schnaittach.de\/wp-content\/uploads\/2019\/07\/Pokalfischen-in-H\u00f6flas-2019-.47a.jpg\" width=\"3651\" height=\"2610\" srcset=\"https:\/\/www.fischereiverein-schnaittach.de\/wp-content\/uploads\/2019\/07\/Pokalfischen-in-H\u00f6flas-2019-.47a.jpg 3651w, https:\/\/www.fischereiverein-schnaittach.de\/wp-content\/uploads\/2019\/07\/Pokalfischen-in-H\u00f6flas-2019-.47a-300x214.jpg 300w, https:\/\/www.fischereiverein-schnaittach.de\/wp-content\/uploads\/2019\/07\/Pokalfischen-in-H\u00f6flas-2019-.47a-1024x732.jpg 1024w, https:\/\/www.fischereiverein-schnaittach.de\/wp-content\/uploads\/2019\/07\/Pokalfischen-in-H\u00f6flas-2019-.47a-419x300.jpg 419w\" sizes=\"auto, (max-width: 3651px) 100vw, 3651px\" \/><\/a> von hinten links: 1. Vorstand G\u00fcnther Gr\u00fcnthanner, Jascha Salwey, 2. Vorstand Mario Wendenburg, Uwe Karger, Dominik Geist.<\/p>\n<p>von vorne links: Rico Gleis, Kiril Posehn,\u00a0Leon Pfister.<\/p>\n<p><a href=\"http:\/\/www.fischereiverein-schnaittach.de\/wp-content\/uploads\/2019\/07\/Pokalfischen-in-H\u00f6flas-2019-.58.jpg\"><img loading=\"lazy\" decoding=\"async\" class=\"alignnone size-full wp-image-1733\" alt=\"Pokalfischen in H\u00f6flas 2019  .58\" src=\"http:\/\/www.fischereiverein-schnaittach.de\/wp-content\/uploads\/2019\/07\/Pokalfischen-in-H\u00f6flas-2019-.58.jpg\" width=\"6000\" height=\"4000\" srcset=\"https:\/\/www.fischereiverein-schnaittach.de\/wp-content\/uploads\/2019\/07\/Pokalfischen-in-H\u00f6flas-2019-.58.jpg 6000w, https:\/\/www.fischereiverein-schnaittach.de\/wp-content\/uploads\/2019\/07\/Pokalfischen-in-H\u00f6flas-2019-.58-300x200.jpg 300w, https:\/\/www.fischereiverein-schnaittach.de\/wp-content\/uploads\/2019\/07\/Pokalfischen-in-H\u00f6flas-2019-.58-1024x682.jpg 1024w, https:\/\/www.fischereiverein-schnaittach.de\/wp-content\/uploads\/2019\/07\/Pokalfischen-in-H\u00f6flas-2019-.58-450x300.jpg 450w\" sizes=\"auto, (max-width: 6000px) 100vw, 6000px\" \/><\/a><\/p>\n<p><a href=\"http:\/\/www.fischereiverein-schnaittach.de\/wp-content\/uploads\/2019\/07\/Pokalfischen-in-H\u00f6flas-2019-.11.jpg\"><img loading=\"lazy\" decoding=\"async\" class=\"alignnone size-full wp-image-1731\" alt=\"Pokalfischen in H\u00f6flas 2019  .11\" src=\"http:\/\/www.fischereiverein-schnaittach.de\/wp-content\/uploads\/2019\/07\/Pokalfischen-in-H\u00f6flas-2019-.11.jpg\" width=\"6000\" height=\"4000\" srcset=\"https:\/\/www.fischereiverein-schnaittach.de\/wp-content\/uploads\/2019\/07\/Pokalfischen-in-H\u00f6flas-2019-.11.jpg 6000w, https:\/\/www.fischereiverein-schnaittach.de\/wp-content\/uploads\/2019\/07\/Pokalfischen-in-H\u00f6flas-2019-.11-300x200.jpg 300w, https:\/\/www.fischereiverein-schnaittach.de\/wp-content\/uploads\/2019\/07\/Pokalfischen-in-H\u00f6flas-2019-.11-1024x682.jpg 1024w, https:\/\/www.fischereiverein-schnaittach.de\/wp-content\/uploads\/2019\/07\/Pokalfischen-in-H\u00f6flas-2019-.11-450x300.jpg 450w\" sizes=\"auto, (max-width: 6000px) 100vw, 6000px\" \/><\/a><a href=\"http:\/\/www.fischereiverein-schnaittach.de\/wp-content\/uploads\/2019\/07\/Pokalfischen-in-H\u00f6flas-2019-.37.jpg\"><img loading=\"lazy\" decoding=\"async\" class=\"alignnone size-full wp-image-1732\" alt=\"Pokalfischen in H\u00f6flas 2019  .37\" src=\"http:\/\/www.fischereiverein-schnaittach.de\/wp-content\/uploads\/2019\/07\/Pokalfischen-in-H\u00f6flas-2019-.37.jpg\" width=\"6000\" height=\"4000\" srcset=\"https:\/\/www.fischereiverein-schnaittach.de\/wp-content\/uploads\/2019\/07\/Pokalfischen-in-H\u00f6flas-2019-.37.jpg 6000w, https:\/\/www.fischereiverein-schnaittach.de\/wp-content\/uploads\/2019\/07\/Pokalfischen-in-H\u00f6flas-2019-.37-300x200.jpg 300w, https:\/\/www.fischereiverein-schnaittach.de\/wp-content\/uploads\/2019\/07\/Pokalfischen-in-H\u00f6flas-2019-.37-1024x682.jpg 1024w, https:\/\/www.fischereiverein-schnaittach.de\/wp-content\/uploads\/2019\/07\/Pokalfischen-in-H\u00f6flas-2019-.37-450x300.jpg 450w\" sizes=\"auto, (max-width: 6000px) 100vw, 6000px\" \/><\/a><\/p>\n","protected":false},"excerpt":{"rendered":"<p>Am 1. Juni 2019 bei herrlichsten Wetter und knapp 30 Grad fanden sich 20 Fischerkameraden\/innen, davon 4 Jugendfischer, zum Hegefischen an den H\u00f6flaser Weihern ein. Geangelt wurde von 13 bis 18 Uhr. F\u00fcr das leibliche Wohl sorgten die Beisitzerin Anja &hellip; <a href=\"https:\/\/www.fischereiverein-schnaittach.de\/?p=1730\">Weiterlesen <span class=\"meta-nav\">&rarr;<\/span><\/a><\/p>\n","protected":false},"author":3,"featured_media":0,"comment_status":"closed","ping_status":"open","sticky":false,"template":"","format":"standard","meta":{"footnotes":""},"categories":[6],"tags":[],"class_list":["post-1730","post","type-post","status-publish","format-standard","hentry","category-berichte"],"_links":{"self":[{"href":"https:\/\/www.fischereiverein-schnaittach.de\/index.php?rest_route=\/wp\/v2\/posts\/1730","targetHints":{"allow":["GET"]}}],"collection":[{"href":"https:\/\/www.fischereiverein-schnaittach.de\/index.php?rest_route=\/wp\/v2\/posts"}],"about":[{"href":"https:\/\/www.fischereiverein-schnaittach.de\/index.php?rest_route=\/wp\/v2\/types\/post"}],"author":[{"embeddable":true,"href":"https:\/\/www.fischereiverein-schnaittach.de\/index.php?rest_route=\/wp\/v2\/users\/3"}],"replies":[{"embeddable":true,"href":"https:\/\/www.fischereiverein-schnaittach.de\/index.php?rest_route=%2Fwp%2Fv2%2Fcomments&post=1730"}],"version-history":[{"count":2,"href":"https:\/\/www.fischereiverein-schnaittach.de\/index.php?rest_route=\/wp\/v2\/posts\/1730\/revisions"}],"predecessor-version":[{"id":2000,"href":"https:\/\/www.fischereiverein-schnaittach.de\/index.php?rest_route=\/wp\/v2\/posts\/1730\/revisions\/2000"}],"wp:attachment":[{"href":"https:\/\/www.fischereiverein-schnaittach.de\/index.php?rest_route=%2Fwp%2Fv2%2Fmedia&parent=1730"}],"wp:term":[{"taxonomy":"category","embeddable":true,"href":"https:\/\/www.fischereiverein-schnaittach.de\/index.php?rest_route=%2Fwp%2Fv2%2Fcategories&post=1730"},{"taxonomy":"post_tag","embeddable":true,"href":"https:\/\/www.fischereiverein-schnaittach.de\/index.php?rest_route=%2Fwp%2Fv2%2Ftags&post=1730"}],"curies":[{"name":"wp","href":"https:\/\/api.w.org\/{rel}","templated":true}]}}